{"id":14135,"date":"2010-07-17T13:55:31","date_gmt":"2010-07-17T13:55:31","guid":{"rendered":"http:\/\/inacreditavel.ioio.info\/?p=14135"},"modified":"2010-07-17T13:55:31","modified_gmt":"2010-07-17T13:55:31","slug":"enfim-de-ferias","status":"publish","type":"post","link":"http:\/\/www.inacreditavel.pt\/?p=14135","title":{"rendered":"Enfim, de f\u00e9rias"},"content":{"rendered":"<p>Como qualquer imigras nacional, quando chega a \u00e9poca do Ver\u00e3o, venho de f\u00e9rias a Portugal, apesar de aqui a qualidade de vida ser uma grande merda. N\u00f3s l\u00e1 temos estradas mais largas, supermercados onde falam estrangeiro, e at\u00e9 a \u00e1gua \u00e9 Perrier. Aquilo \u00e9 que \u00e9 qualidade de vida. Mas enfim, conv\u00e9m vir de f\u00e9rias aqui aos sub\u00farbios da Europa, nunca se sabe o que \u00e9 o que o futuro nos reserva.<\/p>\n<p>Convidei os amigos saloios para uma jantarada de comemora\u00e7\u00e3o. Veio o Tullius Detritus com a sua afamada Tajina de Polvo com Manga &#8211; mas aquilo s\u00f3 tem fama, falta-lhe tudo o resto &#8211; que foi comido como um <em>amuse-bouche<\/em>. O Tullius &#8211; famoso tamb\u00e9m pelas suas escolhas de vinho que n\u00e3o passam pela cabe\u00e7a de mais ningu\u00e9m &#8211; trouxe um vinho tinto austr\u00edaco para acamar o est\u00f4mago, mas o vinho era t\u00e3o mau que o despej\u00e1mos nos canteiros de plantas. No fim da festa, as plantas tinham secado todas e os muros estavam a come\u00e7ar a cair.<\/p>\n<p>O <em>amuse-bouche<\/em> correu mal &#8211; muito pior do que o pior cen\u00e1rio &#8211; por isso avan\u00e7\u00e1mos para a Fase DOIS: encher o bandulho com carne grelhada, couve mineira e feij\u00e3o preto. Ah! Reconfortante! E agora os vinhos j\u00e1 eram de qualidade.<\/p>\n<p>Evel, Douro tinto 2007, 13,5% de \u00e1lcool, fresco, doce e \u00e1cido, ligeiramente \u00e1spero. \u00d3ptimo para acompanhar carne em dias de calor intenso.<\/p>\n<p>Cabe\u00e7a de Toiro, Tejo tinto 2007, 13,5% de \u00e1lcool, Touriga Nacional e Castel\u00e3o, Encorpado, \u00e1spero, complexo e \u00e0s vezes borbulhante. 3 garrafas. Fixe.<\/p>\n<p>Um vinho de pacote de 3 litros da Carmim, do qual j\u00e1 n\u00e3o me lembro de mais nada.<\/p>\n<p>No fim acab\u00e1mos todos \u00e0 porrada.<\/p>\n","protected":false},"excerpt":{"rendered":"<p>Como qualquer imigras nacional, quando chega a \u00e9poca do Ver\u00e3o, venho de f\u00e9rias a Portugal, apesar de aqui a qualidade de vida ser uma grande merda. N\u00f3s l\u00e1 temos estradas mais largas, supermercados onde falam estrangeiro, e at\u00e9 a \u00e1gua \u00e9 Perrier. Aquilo \u00e9 que \u00e9 qualidade de vida. Mas enfim, conv\u00e9m vir de f\u00e9rias [&hellip;]<\/p>\n","protected":false},"author":17,"featured_media":0,"comment_status":"open","ping_status":"closed","sticky":false,"template":"","format":"standard","meta":{"footnotes":""},"categories":[20],"tags":[],"_links":{"self":[{"href":"http:\/\/www.inacreditavel.pt\/index.php?rest_route=\/wp\/v2\/posts\/14135"}],"collection":[{"href":"http:\/\/www.inacreditavel.pt\/index.php?rest_route=\/wp\/v2\/posts"}],"about":[{"href":"http:\/\/www.inacreditavel.pt\/index.php?rest_route=\/wp\/v2\/types\/post"}],"author":[{"embeddable":true,"href":"http:\/\/www.inacreditavel.pt\/index.php?rest_route=\/wp\/v2\/users\/17"}],"replies":[{"embeddable":true,"href":"http:\/\/www.inacreditavel.pt\/index.php?rest_route=%2Fwp%2Fv2%2Fcomments&post=14135"}],"version-history":[{"count":1,"href":"http:\/\/www.inacreditavel.pt\/index.php?rest_route=\/wp\/v2\/posts\/14135\/revisions"}],"predecessor-version":[{"id":14136,"href":"http:\/\/www.inacreditavel.pt\/index.php?rest_route=\/wp\/v2\/posts\/14135\/revisions\/14136"}],"wp:attachment":[{"href":"http:\/\/www.inacreditavel.pt\/index.php?rest_route=%2Fwp%2Fv2%2Fmedia&parent=14135"}],"wp:term":[{"taxonomy":"category","embeddable":true,"href":"http:\/\/www.inacreditavel.pt\/index.php?rest_route=%2Fwp%2Fv2%2Fcategories&post=14135"},{"taxonomy":"post_tag","embeddable":true,"href":"http:\/\/www.inacreditavel.pt\/index.php?rest_route=%2Fwp%2Fv2%2Ftags&post=14135"}],"curies":[{"name":"wp","href":"https:\/\/api.w.org\/{rel}","templated":true}]}}