{"id":1399,"date":"2008-02-08T11:41:28","date_gmt":"2008-02-08T11:41:28","guid":{"rendered":"http:\/\/inacreditavel.ioio.info\/?p=1399"},"modified":"2008-02-08T12:01:21","modified_gmt":"2008-02-08T12:01:21","slug":"isto-do-desensino-e-das-coisas-mais-tristes-em-qualquer-povo","status":"publish","type":"post","link":"http:\/\/www.inacreditavel.pt\/?p=1399","title":{"rendered":"isto do (des)ensino \u00e9 das coisas mais tristes em qualquer povo"},"content":{"rendered":"<p>Uma das boas &#8220;obras&#8221; que a restaura\u00e7\u00e3o da monarquia constitucional, em 1833, nos proporcionou foi a cria\u00e7\u00e3o em 1835 do <a href=\"http:\/\/www.em-conservatorio-nacional.rcts.pt\/\">Conservat\u00f3rio Nacional<\/a>, que teve como directores, entre outros, <a href=\"http:\/\/pt.wikipedia.org\/wiki\/Jo%C3%A3o_Domingos_Bomtempo\">Jo\u00e3o Domingos Bomtempo<\/a> e <a href=\"http:\/\/pt.wikipedia.org\/wiki\/Vianna_da_Motta\">Vianna da Motta<\/a>.<\/p>\n<p>Pois \u00e9, esta institui\u00e7\u00e3o de mais de 170 anos, que <a href=\"http:\/\/www.meloteca.com\/historico-cronologia-escola-de-musica-do-conservatorio-nacional.htm\">a partir do 25 de Abril tem tido mais pol\u00edtica e menos m\u00fasica<\/a>, mas que j\u00e1 nos deu <a href=\"http:\/\/pt.wikipedia.org\/wiki\/Maria_Jo%C3%A3o_Pires\">Maria Jo\u00e3o Pires<\/a>, <a href=\"http:\/\/pt.wikipedia.org\/wiki\/Bernardo_Sassetti\">Bernardo Sassetti<\/a> e tantos outros, se depender do nosso (des)Governo, tem os dias contados.<\/p>\n<p>J\u00e1 n\u00e3o se trata de destru\u00ed-la devagarinho, como at\u00e9 aqui, deixando-a cair aos bocados, com o \u00f3rg\u00e3o do s\u00e9culo 18 a deteriorar-se ou o Sal\u00e3o Nobre quase a ruir sobre a plateia. Desta vez, a Ministra quer fazer o servi\u00e7o de uma s\u00f3 vez. Com tr\u00eas golpes t\u00e3o r\u00e1pidos e certeiros que, espera ela, ningu\u00e9m vai sequer perceber o que se passa.<\/p>\n<p>i) acabar com os Cursos de Inicia\u00e7\u00e3o; privando as crian\u00e7as dos 6 aos 9 anos de idade de ter acesso \u00e0s 6 horas semanais de instrumento, orquestra, forma\u00e7\u00e3o musical, coro e express\u00e3o dram\u00e1tica hoje ministradas pelo Conservat\u00f3rio;<\/p>\n<p>ii) matar o Ensino Articulado, onde adolescentes com talento musical t\u00eam conciliado a forma\u00e7\u00e3o art\u00edstica de alto n\u00edvel do Conservat\u00f3rio com a frequ\u00eancia \u00e0s outras mat\u00e9rias da sua escola habitual (quem quiser ser m\u00fasico, a partir de agora, tem que decidir profissionalizar-se aos 10 anos de idade \u2013 sem poder voltar atr\u00e1s);<\/p>\n<p>iii) e o golpe de miseric\u00f3rdia \u00e9 dar cabo do Ensino Supletivo, o regime que tem formado, ao longo dos anos, a maior parte dos m\u00fasicos portugueses, de <a href=\"http:\/\/pt.wikipedia.org\/wiki\/Alfredo_Keil\">Alfredo Keil<\/a> a <a href=\"http:\/\/pt.wikipedia.org\/wiki\/Pedro_Abrunhosa\">Pedro Abrunhosa<\/a>, passando por centenas e centenas de outros.<\/p>\n<p>Sem m\u00fasicos, sem p\u00fablico educado para a m\u00fasica, j\u00e1 se v\u00ea o que a Ministra pretende: reduzir-nos ao sil\u00eancio.<\/p>\n<p><a href=\"http:\/\/www.myspace.com\/contraofimdoensinoespecializadodemsica\">Porra, mas que pa\u00eds \u00e9 que andamos a (des)formar<\/a>?<\/p>\n<p>Segunda feira, dia 11 de Fevereiro, \u00e0s 10 da manh\u00e3, junte-se ao Coro de Protestos do Conservat\u00f3rio Nacional. Se \u00e9 m\u00fasico, leve o instrumento. Se \u00e9 um simples amante da m\u00fasica, j\u00e1 tem o instrumento que \u00e9 preciso -a sua voz. Vamos cantar\/gritar t\u00e3o afinados que at\u00e9 a Ministra, que faz o g\u00e9nero surda, vai ter que ouvir.<\/p>\n","protected":false},"excerpt":{"rendered":"<p>Uma das boas &#8220;obras&#8221; que a restaura\u00e7\u00e3o da monarquia constitucional, em 1833, nos proporcionou foi a cria\u00e7\u00e3o em 1835 do Conservat\u00f3rio Nacional, que teve como directores, entre outros, Jo\u00e3o Domingos Bomtempo e Vianna da Motta. Pois \u00e9, esta institui\u00e7\u00e3o de mais de 170 anos, que a partir do 25 de Abril tem tido mais pol\u00edtica [&hellip;]<\/p>\n","protected":false},"author":12,"featured_media":0,"comment_status":"open","ping_status":"closed","sticky":false,"template":"","format":"standard","meta":{"footnotes":""},"categories":[1,14,19,8],"tags":[132,131,133],"_links":{"self":[{"href":"http:\/\/www.inacreditavel.pt\/index.php?rest_route=\/wp\/v2\/posts\/1399"}],"collection":[{"href":"http:\/\/www.inacreditavel.pt\/index.php?rest_route=\/wp\/v2\/posts"}],"about":[{"href":"http:\/\/www.inacreditavel.pt\/index.php?rest_route=\/wp\/v2\/types\/post"}],"author":[{"embeddable":true,"href":"http:\/\/www.inacreditavel.pt\/index.php?rest_route=\/wp\/v2\/users\/12"}],"replies":[{"embeddable":true,"href":"http:\/\/www.inacreditavel.pt\/index.php?rest_route=%2Fwp%2Fv2%2Fcomments&post=1399"}],"version-history":[{"count":0,"href":"http:\/\/www.inacreditavel.pt\/index.php?rest_route=\/wp\/v2\/posts\/1399\/revisions"}],"wp:attachment":[{"href":"http:\/\/www.inacreditavel.pt\/index.php?rest_route=%2Fwp%2Fv2%2Fmedia&parent=1399"}],"wp:term":[{"taxonomy":"category","embeddable":true,"href":"http:\/\/www.inacreditavel.pt\/index.php?rest_route=%2Fwp%2Fv2%2Fcategories&post=1399"},{"taxonomy":"post_tag","embeddable":true,"href":"http:\/\/www.inacreditavel.pt\/index.php?rest_route=%2Fwp%2Fv2%2Ftags&post=1399"}],"curies":[{"name":"wp","href":"https:\/\/api.w.org\/{rel}","templated":true}]}}