{"id":13294,"date":"2010-04-24T13:16:29","date_gmt":"2010-04-24T13:16:29","guid":{"rendered":"http:\/\/inacreditavel.ioio.info\/?p=13294"},"modified":"2010-04-24T13:18:50","modified_gmt":"2010-04-24T13:18:50","slug":"a-guerra-da-rega","status":"publish","type":"post","link":"http:\/\/www.inacreditavel.pt\/?p=13294","title":{"rendered":"A Guerra da Rega"},"content":{"rendered":"<p>A Guerra da Rega \u00e9 uma das maiores sagas c\u00e1 em casa.<\/p>\n<p>N\u00e3o me lembro dos contornos iniciais, mas na P\u00e1scoa do ano passado, a relva levou um estic\u00e3o de calor porque a minha sobrinha veio c\u00e1 apenas um dia \u00e0 noite, depois de ter estado a dormir o dia todo, e quando chegou n\u00e3o deu com a torneira.<\/p>\n<p>No Ver\u00e3o, ent\u00e3o, ainda foi mais dr\u00e1stico. Em vez de regar, trouxe o namorado e os dois verteram \u00e1guas &#8211; \u00e0 pai ad\u00e3o &#8211; para cima das zonas verdes. Quando cheg\u00e1mos estava tudo seco.<\/p>\n<p>Decidi, ent\u00e3o, come\u00e7ar a enterrar tubo pelo quintal e colocar aspersores e gotejadores. Era Setembro de 2009. Passei 3 meses \u00e0 procura de um controlador de electrov\u00e1lvulas sobre IP, mas n\u00e3o encontrei nada f\u00e1cil de usar ou que me convencesse. Comprei um programador para tot\u00f3s, mas n\u00e3o o instalei logo porque entretanto chuveu ininterruptamente durante 3 meses.<\/p>\n<p>No fim de Mar\u00e7o, com o fim das chuvas, voltei \u00e0 guerra da rega. Comprei uma broca com 1 metro para furar o bet\u00e3o para um jardim interior. Foi um dia de trabalho. Depois foi mais meio dia para conseguir subir o tubo para o jardim de cima.<\/p>\n<p>Agora est\u00e1 tudo a funcionar. S\u00f3 falta o detector de chuva e humidade. Mas isso vai ser outra guerra. Tenho que passar 30m de cabo el\u00e9ctrico por dentro das tubagens IP (que cobrem a casa toda, eh eh eh) at\u00e9 \u00e0 fachada norte, que \u00e9 onde fica menos exposto ao sol.<\/p>\n<p>E onde \u00e9 est\u00e1 a ecologia no meio disto tudo? A \u00e1gua da rega \u00e9 50% da chuva e em breve os outros 50% h\u00e3o-de ser da micro etar que vou instalar.<\/p>\n","protected":false},"excerpt":{"rendered":"<p>A Guerra da Rega \u00e9 uma das maiores sagas c\u00e1 em casa. N\u00e3o me lembro dos contornos iniciais, mas na P\u00e1scoa do ano passado, a relva levou um estic\u00e3o de calor porque a minha sobrinha veio c\u00e1 apenas um dia \u00e0 noite, depois de ter estado a dormir o dia todo, e quando chegou n\u00e3o [&hellip;]<\/p>\n","protected":false},"author":1,"featured_media":0,"comment_status":"open","ping_status":"closed","sticky":false,"template":"","format":"standard","meta":{"footnotes":""},"categories":[232],"tags":[],"_links":{"self":[{"href":"http:\/\/www.inacreditavel.pt\/index.php?rest_route=\/wp\/v2\/posts\/13294"}],"collection":[{"href":"http:\/\/www.inacreditavel.pt\/index.php?rest_route=\/wp\/v2\/posts"}],"about":[{"href":"http:\/\/www.inacreditavel.pt\/index.php?rest_route=\/wp\/v2\/types\/post"}],"author":[{"embeddable":true,"href":"http:\/\/www.inacreditavel.pt\/index.php?rest_route=\/wp\/v2\/users\/1"}],"replies":[{"embeddable":true,"href":"http:\/\/www.inacreditavel.pt\/index.php?rest_route=%2Fwp%2Fv2%2Fcomments&post=13294"}],"version-history":[{"count":3,"href":"http:\/\/www.inacreditavel.pt\/index.php?rest_route=\/wp\/v2\/posts\/13294\/revisions"}],"predecessor-version":[{"id":13296,"href":"http:\/\/www.inacreditavel.pt\/index.php?rest_route=\/wp\/v2\/posts\/13294\/revisions\/13296"}],"wp:attachment":[{"href":"http:\/\/www.inacreditavel.pt\/index.php?rest_route=%2Fwp%2Fv2%2Fmedia&parent=13294"}],"wp:term":[{"taxonomy":"category","embeddable":true,"href":"http:\/\/www.inacreditavel.pt\/index.php?rest_route=%2Fwp%2Fv2%2Fcategories&post=13294"},{"taxonomy":"post_tag","embeddable":true,"href":"http:\/\/www.inacreditavel.pt\/index.php?rest_route=%2Fwp%2Fv2%2Ftags&post=13294"}],"curies":[{"name":"wp","href":"https:\/\/api.w.org\/{rel}","templated":true}]}}