{"id":12623,"date":"2010-02-26T09:17:17","date_gmt":"2010-02-26T09:17:17","guid":{"rendered":"http:\/\/inacreditavel.ioio.info\/?p=12623"},"modified":"2010-02-26T10:59:49","modified_gmt":"2010-02-26T10:59:49","slug":"profetas","status":"publish","type":"post","link":"http:\/\/www.inacreditavel.pt\/?p=12623","title":{"rendered":"Profetas da desgra\u00e7a"},"content":{"rendered":"<p>O caso da <a href=\"http:\/\/www.youtube.com\/watch?v=aTf0h3nobAs\">Madeira<\/a>:<br \/>\nTudo o que se passou j\u00e1 tinha sido anunciado, e bem anunciado.<\/p>\n<p><a href=\"http:\/\/www.scientificamerican.com\/article.cfm?id=drowning-new-orleans\">O caso de New Orleans<\/a><br \/>\nEm 1999 foi publicado um estudo que afirmava aquilo que em 2005 o <a href=\"http:\/\/en.wikipedia.org\/wiki\/Hurricane_Katrina\">Katrina <\/a>provocou.<\/p>\n<p>&#8211; &#8211; &#8211;<br \/>\nEm todas as minhas viagens, tenho visto sempre isto: As escalas de tempo da Natureza n\u00e3o se compadecem dos imediatismos humanos. Agora que os juros s\u00e3o contados ao dia, ainda \u00e9 pior. A pressa actual \u00e9 funesta.<\/p>\n<p>A Natureza \u00e9 o nosso suporte existencial. A polui\u00e7\u00e3o por gases de efeito estufa, dos quais o CO2 \u00e9 apenas um deles, \u00e9 um perigo real. A chamada de despertar ser\u00e1 muito mais intensa do que na Madeira, ou em New Orleans. Mas os pol\u00edticos actuais esperam j\u00e1 estar mortos e enterrados quando isso acontecer.<br \/>\n\u00c0 boa maneira do Lu\u00eds XV: &#8220;<a href=\"http:\/\/tradicionclasica.blogspot.com\/2006\/01\/expression-aprs-moi-le-dluge-and-its.html\">Apr\u00e8s moi, le d\u00e9luge<\/a>!&#8221;<\/p>\n<p>Manu Chao tamb\u00e9m brinca aos profetas da desgra\u00e7a. <a href=\"http:\/\/www.youtube.com\/watch?v=euIo16zobvY\">Ou\u00e7am bem isto<\/a>, especialmente por volta do minuto 4.<\/p>\n","protected":false},"excerpt":{"rendered":"<p>O caso da Madeira: Tudo o que se passou j\u00e1 tinha sido anunciado, e bem anunciado. O caso de New Orleans Em 1999 foi publicado um estudo que afirmava aquilo que em 2005 o Katrina provocou. &#8211; &#8211; &#8211; Em todas as minhas viagens, tenho visto sempre isto: As escalas de tempo da Natureza n\u00e3o [&hellip;]<\/p>\n","protected":false},"author":18,"featured_media":0,"comment_status":"open","ping_status":"closed","sticky":false,"template":"","format":"standard","meta":{"footnotes":""},"categories":[232,13,1,14,19],"tags":[],"_links":{"self":[{"href":"http:\/\/www.inacreditavel.pt\/index.php?rest_route=\/wp\/v2\/posts\/12623"}],"collection":[{"href":"http:\/\/www.inacreditavel.pt\/index.php?rest_route=\/wp\/v2\/posts"}],"about":[{"href":"http:\/\/www.inacreditavel.pt\/index.php?rest_route=\/wp\/v2\/types\/post"}],"author":[{"embeddable":true,"href":"http:\/\/www.inacreditavel.pt\/index.php?rest_route=\/wp\/v2\/users\/18"}],"replies":[{"embeddable":true,"href":"http:\/\/www.inacreditavel.pt\/index.php?rest_route=%2Fwp%2Fv2%2Fcomments&post=12623"}],"version-history":[{"count":12,"href":"http:\/\/www.inacreditavel.pt\/index.php?rest_route=\/wp\/v2\/posts\/12623\/revisions"}],"predecessor-version":[{"id":12635,"href":"http:\/\/www.inacreditavel.pt\/index.php?rest_route=\/wp\/v2\/posts\/12623\/revisions\/12635"}],"wp:attachment":[{"href":"http:\/\/www.inacreditavel.pt\/index.php?rest_route=%2Fwp%2Fv2%2Fmedia&parent=12623"}],"wp:term":[{"taxonomy":"category","embeddable":true,"href":"http:\/\/www.inacreditavel.pt\/index.php?rest_route=%2Fwp%2Fv2%2Fcategories&post=12623"},{"taxonomy":"post_tag","embeddable":true,"href":"http:\/\/www.inacreditavel.pt\/index.php?rest_route=%2Fwp%2Fv2%2Ftags&post=12623"}],"curies":[{"name":"wp","href":"https:\/\/api.w.org\/{rel}","templated":true}]}}