{"id":11401,"date":"2009-11-14T15:15:46","date_gmt":"2009-11-14T15:15:46","guid":{"rendered":"http:\/\/inacreditavel.ioio.info\/?p=11401"},"modified":"2009-11-14T15:17:31","modified_gmt":"2009-11-14T15:17:31","slug":"e-por-isso","status":"publish","type":"post","link":"http:\/\/www.inacreditavel.pt\/?p=11401","title":{"rendered":"\u00c9 por isso&#8230;"},"content":{"rendered":"<p>\u00c9 por isso que os gajos me irritam!<br \/>\nPorque \u00e9 que n\u00e3o p\u00f5em tudo em portugu\u00eas? Pois se \u00e9 feito de prop\u00f3sito para o mercado portugu\u00eas!<br \/>\nL\u00e1, na terra deles, p\u00f5em o castelhano e primeiro e o catal\u00e3o em segundo.<br \/>\nNa nossa terra, se querem p\u00f4r castelhano, pois que o ponham em segundo!<br \/>\nE j\u00e1 agora, castelhano para qu\u00ea?<br \/>\nIsto aqui n\u00e3o \u00e9 o Texas, ou o Arizona.<br \/>\nOs gajos que metam o castelhano onde lhes der mais jeito, e deixem o portugu\u00eas em paz e sossego.<figure id=\"attachment_11400\" aria-describedby=\"caption-attachment-11400\" style=\"width: 300px\" class=\"wp-caption aligncenter\"><a href=\"http:\/\/www.inacreditavel.pt\/wp-content\/uploads\/sites\/17\/2009\/11\/McEspanha1.jpg\"><img loading=\"lazy\" decoding=\"async\" src=\"http:\/\/www.inacreditavel.pt\/wp-content\/uploads\/sites\/17\/2009\/11\/McEspanha1-300x212.jpg\" alt=\"Mac Irritante\" width=\"300\" height=\"212\" class=\"size-medium wp-image-11400\" srcset=\"http:\/\/www.inacreditavel.pt\/wp-content\/uploads\/sites\/17\/2009\/11\/McEspanha1-300x212.jpg 300w, http:\/\/www.inacreditavel.pt\/wp-content\/uploads\/sites\/17\/2009\/11\/McEspanha1-1023x725.jpg 1023w, http:\/\/www.inacreditavel.pt\/wp-content\/uploads\/sites\/17\/2009\/11\/McEspanha1.jpg 2023w\" sizes=\"(max-width: 300px) 100vw, 300px\" \/><\/a><figcaption id=\"caption-attachment-11400\" class=\"wp-caption-text\">Mac Irritante<\/figcaption><\/figure><\/p>\n","protected":false},"excerpt":{"rendered":"<p>\u00c9 por isso que os gajos me irritam! Porque \u00e9 que n\u00e3o p\u00f5em tudo em portugu\u00eas? Pois se \u00e9 feito de prop\u00f3sito para o mercado portugu\u00eas! L\u00e1, na terra deles, p\u00f5em o castelhano e primeiro e o catal\u00e3o em segundo. Na nossa terra, se querem p\u00f4r castelhano, pois que o ponham em segundo! E j\u00e1 [&hellip;]<\/p>\n","protected":false},"author":10,"featured_media":0,"comment_status":"open","ping_status":"closed","sticky":false,"template":"","format":"standard","meta":{"footnotes":""},"categories":[20,1,7,19,8],"tags":[],"_links":{"self":[{"href":"http:\/\/www.inacreditavel.pt\/index.php?rest_route=\/wp\/v2\/posts\/11401"}],"collection":[{"href":"http:\/\/www.inacreditavel.pt\/index.php?rest_route=\/wp\/v2\/posts"}],"about":[{"href":"http:\/\/www.inacreditavel.pt\/index.php?rest_route=\/wp\/v2\/types\/post"}],"author":[{"embeddable":true,"href":"http:\/\/www.inacreditavel.pt\/index.php?rest_route=\/wp\/v2\/users\/10"}],"replies":[{"embeddable":true,"href":"http:\/\/www.inacreditavel.pt\/index.php?rest_route=%2Fwp%2Fv2%2Fcomments&post=11401"}],"version-history":[{"count":2,"href":"http:\/\/www.inacreditavel.pt\/index.php?rest_route=\/wp\/v2\/posts\/11401\/revisions"}],"predecessor-version":[{"id":11403,"href":"http:\/\/www.inacreditavel.pt\/index.php?rest_route=\/wp\/v2\/posts\/11401\/revisions\/11403"}],"wp:attachment":[{"href":"http:\/\/www.inacreditavel.pt\/index.php?rest_route=%2Fwp%2Fv2%2Fmedia&parent=11401"}],"wp:term":[{"taxonomy":"category","embeddable":true,"href":"http:\/\/www.inacreditavel.pt\/index.php?rest_route=%2Fwp%2Fv2%2Fcategories&post=11401"},{"taxonomy":"post_tag","embeddable":true,"href":"http:\/\/www.inacreditavel.pt\/index.php?rest_route=%2Fwp%2Fv2%2Ftags&post=11401"}],"curies":[{"name":"wp","href":"https:\/\/api.w.org\/{rel}","templated":true}]}}