{"id":11298,"date":"2009-11-07T20:22:41","date_gmt":"2009-11-07T20:22:41","guid":{"rendered":"http:\/\/inacreditavel.ioio.info\/?p=11298"},"modified":"2009-11-07T20:28:10","modified_gmt":"2009-11-07T20:28:10","slug":"face-visivel","status":"publish","type":"post","link":"http:\/\/www.inacreditavel.pt\/?p=11298","title":{"rendered":"Face vis\u00edvel"},"content":{"rendered":"<p>A demoniza\u00e7\u00e3o dos corruptos est\u00e1 em marcha. A demoniza\u00e7\u00e3o dos corruptos ped\u00f3filos est\u00e1 em marcha.<br \/>\n\u00c9 proibido ser corrupto. \u00c9 proibido ser ped\u00f3filo.<br \/>\nVivam as escutas!&#8230;<\/p>\n<p>Vivam os atropelos ao segredo de justi\u00e7a, de forma a que a comunica\u00e7\u00e3o social nos possa brindar com o regabofe demonizador dos traficantes ped\u00f3filos corruptos!<br \/>\n&#8212;<br \/>\nA liberdade e o segredo de justi\u00e7a andam de m\u00e3o dadas. Se o segredo de justi\u00e7a est\u00e1 instrumentalizado por uma clique inquisit\u00f3ria, est\u00e1 tudo muito mal.<br \/>\nEstou muito mais procupado com a falta de segredo de justi\u00e7a, com a injusti\u00e7a da falta de transpar\u00eancia da condu\u00e7\u00e3o dos processos do minist\u00e9rios p\u00fablico, e das respectivas fugas de informa\u00e7\u00e3o para a comunica\u00e7\u00e3o social, do que com todos os corruptos, traficantes e ped\u00f3filos juntos.<\/p>\n<p>O verdadeiro esc\u00e2ndalo \u00e9 a actua\u00e7\u00e3o dos actores da justi\u00e7a.<br \/>\n<strong>O verdadeiro esc\u00e2ndalo \u00e9 a imoralidade da falta de segredo de justi\u00e7a!<\/strong><br \/>\nAbaixo os defensores da &#8220;moralidade&#8221; que instrumentalizam o segredo de justi\u00e7a para perseguir na pra\u00e7a p\u00fablica os seus inimigos pol\u00edticos!<\/p>\n","protected":false},"excerpt":{"rendered":"<p>A demoniza\u00e7\u00e3o dos corruptos est\u00e1 em marcha. A demoniza\u00e7\u00e3o dos corruptos ped\u00f3filos est\u00e1 em marcha. \u00c9 proibido ser corrupto. \u00c9 proibido ser ped\u00f3filo. Vivam as escutas!&#8230; Vivam os atropelos ao segredo de justi\u00e7a, de forma a que a comunica\u00e7\u00e3o social nos possa brindar com o regabofe demonizador dos traficantes ped\u00f3filos corruptos! &#8212; A liberdade e [&hellip;]<\/p>\n","protected":false},"author":3,"featured_media":0,"comment_status":"open","ping_status":"closed","sticky":false,"template":"","format":"standard","meta":{"footnotes":""},"categories":[1,14,206,8],"tags":[],"_links":{"self":[{"href":"http:\/\/www.inacreditavel.pt\/index.php?rest_route=\/wp\/v2\/posts\/11298"}],"collection":[{"href":"http:\/\/www.inacreditavel.pt\/index.php?rest_route=\/wp\/v2\/posts"}],"about":[{"href":"http:\/\/www.inacreditavel.pt\/index.php?rest_route=\/wp\/v2\/types\/post"}],"author":[{"embeddable":true,"href":"http:\/\/www.inacreditavel.pt\/index.php?rest_route=\/wp\/v2\/users\/3"}],"replies":[{"embeddable":true,"href":"http:\/\/www.inacreditavel.pt\/index.php?rest_route=%2Fwp%2Fv2%2Fcomments&post=11298"}],"version-history":[{"count":3,"href":"http:\/\/www.inacreditavel.pt\/index.php?rest_route=\/wp\/v2\/posts\/11298\/revisions"}],"predecessor-version":[{"id":11301,"href":"http:\/\/www.inacreditavel.pt\/index.php?rest_route=\/wp\/v2\/posts\/11298\/revisions\/11301"}],"wp:attachment":[{"href":"http:\/\/www.inacreditavel.pt\/index.php?rest_route=%2Fwp%2Fv2%2Fmedia&parent=11298"}],"wp:term":[{"taxonomy":"category","embeddable":true,"href":"http:\/\/www.inacreditavel.pt\/index.php?rest_route=%2Fwp%2Fv2%2Fcategories&post=11298"},{"taxonomy":"post_tag","embeddable":true,"href":"http:\/\/www.inacreditavel.pt\/index.php?rest_route=%2Fwp%2Fv2%2Ftags&post=11298"}],"curies":[{"name":"wp","href":"https:\/\/api.w.org\/{rel}","templated":true}]}}