{"id":1047,"date":"2007-10-25T11:38:48","date_gmt":"2007-10-25T11:38:48","guid":{"rendered":"http:\/\/inacreditavel.ioio.info\/?p=1047"},"modified":"2007-10-25T11:39:37","modified_gmt":"2007-10-25T11:39:37","slug":"tu-tu-tu-tu-tu-tu-tu","status":"publish","type":"post","link":"http:\/\/www.inacreditavel.pt\/?p=1047","title":{"rendered":"tu-tu-tu-tu-tu-tu-tu-&#8230;"},"content":{"rendered":"<p>\u201d<em>Eu vou dizer uma coisa com toda a clareza que talvez n\u00e3o devesse dizer: acho que as escutas em Portugal s\u00e3o feitas exageradamente. Eu pr\u00f3prio tenho muitas d\u00favidas que n\u00e3o tenha os telefones sob escuta(&#8230;) penso que tenho um telem\u00f3vel sob escuta. \u00c0s vezes faz uns barulhos esquisitos.<\/em>\u201d  (tu-tu-tu-tu-&#8230;)<\/p>\n<p><a href=\"http:\/\/www.pgr.pt\/portugues\/grupo_historia\/procuradores\/pinto_monteiro.htm\">Pinto Monteiro<\/a>, PGR, em entrevista \u00e0 <a href=\"http:\/\/sol.sapo.pt\/PaginaInicial\/Politica\/Interior.aspx?content_id=62190\">Tabu do Sol<\/a><\/p>\n<p>Mais uma <a href=\"http:\/\/pt.wiktionary.org\/wiki\/inacredit%C3%A1vel\">inacredit\u00e1vel<\/a> p\u00e9rola deste nosso Por-tu-tu-tu-tu-gal<\/p>\n<p>Na continua\u00e7\u00e3o da jornal\/telefononovela o director nacional da <a href=\"http:\/\/www.policiajudiciaria.pt\/\">Pol\u00edcia Judici\u00e1ria (PJ)<\/a>, Al\u00edpio Ribeiro, disse que as escutas em Portugal \u201c<em>s\u00e3o judiciais e n\u00e3o administrativas, como acontece noutros pa\u00edses, pelo que dependem sempre da vontade das magistraturas<\/em>\u201d. \u201c<em>A PJ \u00e9 intermedi\u00e1ria do processo<\/em>\u201d, acrescentou, desmistificando a ideia que a Pol\u00edcia \u201c<em>carrega num bot\u00e3ozinho para fazer escutas telef\u00f3nicas<\/em>\u201d.<\/p>\n<p>Referindo-se a alegadas escutas ilegais, Al\u00edpio Ribeiro foi perempt\u00f3rio: \u201c<em>N\u00e3o h\u00e1<\/em>\u201d.<\/p>\n<p>O <a href=\"http:\/\/www.portugal.gov.pt\/Portal\/PT\/Governos\/Governos_Constitucionais\/GC17\/Ministerios\/MJ\/\">ministro da Justi\u00e7a<\/a>, Alberto Costa, criticou algum \u201c<em>alarmismo injustificado<\/em>\u201d que se seguiu \u00e0s declara\u00e7\u00f5es, \u201c<em>criando-se um debate que se justifica menos hoje do que no passado<\/em>\u201d. Isto porque, segundo o ministro, as garantias em mat\u00e9ria de escutas telef\u00f3nicas \u201c<em>n\u00e3o diminu\u00edram, bem pelo contr\u00e1rio<\/em>\u201d.<\/p>\n<p>in <a href=\"http:\/\/diariodigital.sapo.pt\/news.asp?section_id=13&amp;id_news=300974\">Di\u00e1rio Digital<\/a><\/p>\n<p>tu-tu-tu-tu-tu-tu<\/p>\n","protected":false},"excerpt":{"rendered":"<p>\u201dEu vou dizer uma coisa com toda a clareza que talvez n\u00e3o devesse dizer: acho que as escutas em Portugal s\u00e3o feitas exageradamente. Eu pr\u00f3prio tenho muitas d\u00favidas que n\u00e3o tenha os telefones sob escuta(&#8230;) penso que tenho um telem\u00f3vel sob escuta. \u00c0s vezes faz uns barulhos esquisitos.\u201d (tu-tu-tu-tu-&#8230;) Pinto Monteiro, PGR, em entrevista \u00e0 [&hellip;]<\/p>\n","protected":false},"author":12,"featured_media":0,"comment_status":"open","ping_status":"closed","sticky":false,"template":"","format":"standard","meta":{"footnotes":""},"categories":[18,1,14],"tags":[],"_links":{"self":[{"href":"http:\/\/www.inacreditavel.pt\/index.php?rest_route=\/wp\/v2\/posts\/1047"}],"collection":[{"href":"http:\/\/www.inacreditavel.pt\/index.php?rest_route=\/wp\/v2\/posts"}],"about":[{"href":"http:\/\/www.inacreditavel.pt\/index.php?rest_route=\/wp\/v2\/types\/post"}],"author":[{"embeddable":true,"href":"http:\/\/www.inacreditavel.pt\/index.php?rest_route=\/wp\/v2\/users\/12"}],"replies":[{"embeddable":true,"href":"http:\/\/www.inacreditavel.pt\/index.php?rest_route=%2Fwp%2Fv2%2Fcomments&post=1047"}],"version-history":[{"count":0,"href":"http:\/\/www.inacreditavel.pt\/index.php?rest_route=\/wp\/v2\/posts\/1047\/revisions"}],"wp:attachment":[{"href":"http:\/\/www.inacreditavel.pt\/index.php?rest_route=%2Fwp%2Fv2%2Fmedia&parent=1047"}],"wp:term":[{"taxonomy":"category","embeddable":true,"href":"http:\/\/www.inacreditavel.pt\/index.php?rest_route=%2Fwp%2Fv2%2Fcategories&post=1047"},{"taxonomy":"post_tag","embeddable":true,"href":"http:\/\/www.inacreditavel.pt\/index.php?rest_route=%2Fwp%2Fv2%2Ftags&post=1047"}],"curies":[{"name":"wp","href":"https:\/\/api.w.org\/{rel}","templated":true}]}}